{"id":856,"date":"2019-02-06T13:53:47","date_gmt":"2019-02-06T12:53:47","guid":{"rendered":"http:\/\/www.1912.pl\/?p=856"},"modified":"2019-05-07T13:08:22","modified_gmt":"2019-05-07T11:08:22","slug":"titanic-prawdziwa-historia-wspomnienia-z-wystawy-cz-1","status":"publish","type":"post","link":"https:\/\/www.1912.pl\/?p=856","title":{"rendered":"&#8222;Titanic &#8211; Prawdziwa Historia&#8221;. Przygotowania do s\u0142ynnej Wystawy, w rocznej retrospekcji."},"content":{"rendered":"<p>Pierwsze dni roku 2018 by\u0142y dla mnie bardzo mi\u0142ym czasem. Maj\u0105c w g\u0142owie podsumowania z mijaj\u0105cego 2017, dotar\u0142a do mnie w\u00f3wczas niezwykle ciekawa informacja. Po raz pierwszy w Polsce mia\u0142a by\u0107 wystawiona ekspozycja artefakt\u00f3w wydobytych z Titanica. Dowiadywa\u0142em si\u0119 o tym z r\u00f3\u017cnych \u017ar\u00f3de\u0142 w relatywnie kr\u00f3tkim czasie.<\/p>\n<div id='gallery-1' class='gallery galleryid-856 gallery-columns-3 gallery-size-medium'><figure class='gallery-item'>\n\t\t\t<div class='gallery-icon landscape'>\n\t\t\t\t<a href='https:\/\/www.1912.pl\/wp-content\/uploads\/2019\/02\/Titanic-the-Artifact-Exhibition-1w.jpg' rel=\"lightbox[856]\"><img width=\"300\" height=\"225\" src=\"https:\/\/www.1912.pl\/wp-content\/uploads\/2019\/02\/Titanic-the-Artifact-Exhibition-1w-300x225.jpg\" class=\"attachment-medium size-medium\" alt=\"\" decoding=\"async\" loading=\"lazy\" srcset=\"https:\/\/www.1912.pl\/wp-content\/uploads\/2019\/02\/Titanic-the-Artifact-Exhibition-1w-300x225.jpg 300w, https:\/\/www.1912.pl\/wp-content\/uploads\/2019\/02\/Titanic-the-Artifact-Exhibition-1w-768x576.jpg 768w, https:\/\/www.1912.pl\/wp-content\/uploads\/2019\/02\/Titanic-the-Artifact-Exhibition-1w-1024x768.jpg 1024w, https:\/\/www.1912.pl\/wp-content\/uploads\/2019\/02\/Titanic-the-Artifact-Exhibition-1w.jpg 1191w\" sizes=\"(max-width: 300px) 100vw, 300px\" \/><\/a>\n\t\t\t<\/div><\/figure><figure class='gallery-item'>\n\t\t\t<div class='gallery-icon landscape'>\n\t\t\t\t<a href='https:\/\/www.1912.pl\/wp-content\/uploads\/2019\/02\/Titanic-the-Artifact-Exhibition-3w.jpg' rel=\"lightbox[856]\"><img width=\"300\" height=\"225\" src=\"https:\/\/www.1912.pl\/wp-content\/uploads\/2019\/02\/Titanic-the-Artifact-Exhibition-3w-300x225.jpg\" class=\"attachment-medium size-medium\" alt=\"\" decoding=\"async\" loading=\"lazy\" srcset=\"https:\/\/www.1912.pl\/wp-content\/uploads\/2019\/02\/Titanic-the-Artifact-Exhibition-3w-300x225.jpg 300w, https:\/\/www.1912.pl\/wp-content\/uploads\/2019\/02\/Titanic-the-Artifact-Exhibition-3w-768x576.jpg 768w, https:\/\/www.1912.pl\/wp-content\/uploads\/2019\/02\/Titanic-the-Artifact-Exhibition-3w-1024x768.jpg 1024w, https:\/\/www.1912.pl\/wp-content\/uploads\/2019\/02\/Titanic-the-Artifact-Exhibition-3w.jpg 1190w\" sizes=\"(max-width: 300px) 100vw, 300px\" \/><\/a>\n\t\t\t<\/div><\/figure><figure class='gallery-item'>\n\t\t\t<div class='gallery-icon landscape'>\n\t\t\t\t<a href='https:\/\/www.1912.pl\/wp-content\/uploads\/2019\/02\/Titanic-the-Artifact-Exhibition-2w.jpg' rel=\"lightbox[856]\"><img width=\"300\" height=\"225\" src=\"https:\/\/www.1912.pl\/wp-content\/uploads\/2019\/02\/Titanic-the-Artifact-Exhibition-2w-300x225.jpg\" class=\"attachment-medium size-medium\" alt=\"\" decoding=\"async\" loading=\"lazy\" srcset=\"https:\/\/www.1912.pl\/wp-content\/uploads\/2019\/02\/Titanic-the-Artifact-Exhibition-2w-300x225.jpg 300w, https:\/\/www.1912.pl\/wp-content\/uploads\/2019\/02\/Titanic-the-Artifact-Exhibition-2w-768x576.jpg 768w, https:\/\/www.1912.pl\/wp-content\/uploads\/2019\/02\/Titanic-the-Artifact-Exhibition-2w-1024x768.jpg 1024w, https:\/\/www.1912.pl\/wp-content\/uploads\/2019\/02\/Titanic-the-Artifact-Exhibition-2w.jpg 1191w\" sizes=\"(max-width: 300px) 100vw, 300px\" \/><\/a>\n\t\t\t<\/div><\/figure>\n\t\t<\/div>\n\n<p>W pierwszej chwili, trudno mi by\u0142o w to uwierzy\u0107, gdy\u017c od wielu lat marzy\u0142em, by ta s\u0142ynna wystawa pojawi\u0142a si\u0119 kiedy\u015b w naszym kraju. Pami\u0119tam doskonale, gdy kilka lat wcze\u015bniej, w 2013 roku, zwiedza\u0142em j\u0105 w Pary\u017cu, pod jej mi\u0119dzynarodow\u0105 nazw\u0105 \u201eTitanic &#8211; the Artifact Exhibition\u201d. Zrobi\u0142a na mnie ogromne wra\u017cenie. Ju\u017c wtedy budowa\u0142em sukcesywnie swoj\u0105 kolekcj\u0119 pami\u0105tek zwi\u0105zanych z White Star Line, aczkolwiek by\u0142a w\u00f3wczas stosunkowo niewielka.<\/p>\n<p>B\u0119d\u0105c w Pary\u017cu, z wielk\u0105 uwag\u0105 zatrzyma\u0142em si\u0119 przy gablotach z porcelan\u0105 wydobyt\u0105 z Titanica i ogl\u0105da\u0142em j\u0105 pod k\u0105tem, na tyle ile warunki pozwoli\u0142y, by dostrzec utracone dekoracje na wzorach pierwszej klasy. Przywo\u0142uj\u0105c te wspomnienia, poczu\u0142em, \u017ce mog\u0119 je powt\u00f3rzy\u0107 w Krakowie. To w\u0142a\u015bnie tam mia\u0142a otworzy\u0107 w lutym 2018 kolejna edycja tej podr\u00f3\u017cuj\u0105cej po \u015bwiecie wystawy, pod polsk\u0105 nazw\u0105 &#8222;Titanic &#8211; Prawdziwa Historia&#8221;.<\/p>\n<p>Chc\u0105c dopyta\u0107 si\u0119 o kilka szczeg\u00f3\u0142\u00f3w, zwr\u00f3ci\u0142em si\u0119 do organizator\u00f3w, kt\u00f3rzy, jak si\u0119 okaza\u0142o z rozmowy, mieli si\u0119 za moment ze mn\u0105 kontaktowa\u0107. Nie ukrywaj\u0105c zaskoczenia, zapyta\u0142em o pow\u00f3d. Okaza\u0142o si\u0119, \u017ce moja pasja, kt\u00f3r\u0105 dzieli\u0142em si\u0119 na blogu, wzbudza\u0142a ich zainteresowanie. Szybko znale\u017ali\u015bmy wsp\u00f3lny j\u0119zyk i ju\u017c wkr\u00f3tce pojawi\u0142em si\u0119 w Krakowie.<\/p>\n<p>Poni\u017cej kilka zdj\u0119\u0107 ze sk\u0105panej w zimowym s\u0142o\u0144cu\u00a0trasy do Krakowa.<\/p>\n<div id='gallery-2' class='gallery galleryid-856 gallery-columns-3 gallery-size-medium'><figure class='gallery-item'>\n\t\t\t<div class='gallery-icon landscape'>\n\t\t\t\t<a href='https:\/\/www.1912.pl\/wp-content\/uploads\/2019\/02\/Przyjazd-do-Krakowa-1w.jpg' rel=\"lightbox[856]\"><img width=\"300\" height=\"225\" src=\"https:\/\/www.1912.pl\/wp-content\/uploads\/2019\/02\/Przyjazd-do-Krakowa-1w-300x225.jpg\" class=\"attachment-medium size-medium\" alt=\"\" decoding=\"async\" loading=\"lazy\" srcset=\"https:\/\/www.1912.pl\/wp-content\/uploads\/2019\/02\/Przyjazd-do-Krakowa-1w-300x225.jpg 300w, https:\/\/www.1912.pl\/wp-content\/uploads\/2019\/02\/Przyjazd-do-Krakowa-1w-768x576.jpg 768w, https:\/\/www.1912.pl\/wp-content\/uploads\/2019\/02\/Przyjazd-do-Krakowa-1w-1024x768.jpg 1024w, https:\/\/www.1912.pl\/wp-content\/uploads\/2019\/02\/Przyjazd-do-Krakowa-1w.jpg 1190w\" sizes=\"(max-width: 300px) 100vw, 300px\" \/><\/a>\n\t\t\t<\/div><\/figure><figure class='gallery-item'>\n\t\t\t<div class='gallery-icon landscape'>\n\t\t\t\t<a href='https:\/\/www.1912.pl\/wp-content\/uploads\/2019\/02\/Przyjazd-do-Krakowa-2w.jpg' rel=\"lightbox[856]\"><img width=\"300\" height=\"225\" src=\"https:\/\/www.1912.pl\/wp-content\/uploads\/2019\/02\/Przyjazd-do-Krakowa-2w-300x225.jpg\" class=\"attachment-medium size-medium\" alt=\"\" decoding=\"async\" loading=\"lazy\" srcset=\"https:\/\/www.1912.pl\/wp-content\/uploads\/2019\/02\/Przyjazd-do-Krakowa-2w-300x225.jpg 300w, https:\/\/www.1912.pl\/wp-content\/uploads\/2019\/02\/Przyjazd-do-Krakowa-2w-768x576.jpg 768w, https:\/\/www.1912.pl\/wp-content\/uploads\/2019\/02\/Przyjazd-do-Krakowa-2w-1024x768.jpg 1024w, https:\/\/www.1912.pl\/wp-content\/uploads\/2019\/02\/Przyjazd-do-Krakowa-2w.jpg 1190w\" sizes=\"(max-width: 300px) 100vw, 300px\" \/><\/a>\n\t\t\t<\/div><\/figure><figure class='gallery-item'>\n\t\t\t<div class='gallery-icon landscape'>\n\t\t\t\t<a href='https:\/\/www.1912.pl\/wp-content\/uploads\/2019\/02\/Przyjazd-do-Krakowa-3w.jpg' rel=\"lightbox[856]\"><img width=\"300\" height=\"226\" src=\"https:\/\/www.1912.pl\/wp-content\/uploads\/2019\/02\/Przyjazd-do-Krakowa-3w-300x226.jpg\" class=\"attachment-medium size-medium\" alt=\"\" decoding=\"async\" loading=\"lazy\" srcset=\"https:\/\/www.1912.pl\/wp-content\/uploads\/2019\/02\/Przyjazd-do-Krakowa-3w-300x226.jpg 300w, https:\/\/www.1912.pl\/wp-content\/uploads\/2019\/02\/Przyjazd-do-Krakowa-3w-768x578.jpg 768w, https:\/\/www.1912.pl\/wp-content\/uploads\/2019\/02\/Przyjazd-do-Krakowa-3w-1024x770.jpg 1024w, https:\/\/www.1912.pl\/wp-content\/uploads\/2019\/02\/Przyjazd-do-Krakowa-3w.jpg 1191w\" sizes=\"(max-width: 300px) 100vw, 300px\" \/><\/a>\n\t\t\t<\/div><\/figure>\n\t\t<\/div>\n\n<p>Hotel Forum, robi\u0105cy niezwyk\u0142e wra\u017cenie budynek, opuszczony od lat, mia\u0142 zn\u00f3w t\u0119tni\u0107 \u017cyciem. To w\u0142a\u015bnie ten znany budynek &#8211; per\u0142a architektury PRL &#8211; zosta\u0142 wybrany na lokacj\u0119 wystawy. Pami\u0119tam moj\u0105 pierwsz\u0105 wizyt\u0119. By\u0142em pod wielkim wra\u017ceniem, gdy\u017c okaza\u0142o si\u0119, \u017ce specjalnie dla tego przedsi\u0119wzi\u0119cia przearan\u017cowano ca\u0142y parter budynku, podprowadzono specjalne instalacje elektryczne, klimatyzacj\u0119\u2026 chodzi\u0142em po salach, po kt\u00f3rych przewija\u0142y si\u0119 dziesi\u0105tki pracownik\u00f3w, z wiertarkami, kablami, farbami. Przestrzenie wystawiennicze, niczym scenografia filmowa, powstawa\u0142y w Hotelu Forum sprawniej, ni\u017c przewidywa\u0142 harmonogram prac.<\/p>\n<div id='gallery-3' class='gallery galleryid-856 gallery-columns-3 gallery-size-medium'><figure class='gallery-item'>\n\t\t\t<div class='gallery-icon landscape'>\n\t\t\t\t<a href='https:\/\/www.1912.pl\/wp-content\/uploads\/2019\/02\/Hotel-Forum-1w.jpg' rel=\"lightbox[856]\"><img width=\"300\" height=\"225\" src=\"https:\/\/www.1912.pl\/wp-content\/uploads\/2019\/02\/Hotel-Forum-1w-300x225.jpg\" class=\"attachment-medium size-medium\" alt=\"\" decoding=\"async\" loading=\"lazy\" srcset=\"https:\/\/www.1912.pl\/wp-content\/uploads\/2019\/02\/Hotel-Forum-1w-300x225.jpg 300w, https:\/\/www.1912.pl\/wp-content\/uploads\/2019\/02\/Hotel-Forum-1w-768x576.jpg 768w, https:\/\/www.1912.pl\/wp-content\/uploads\/2019\/02\/Hotel-Forum-1w-1024x768.jpg 1024w, https:\/\/www.1912.pl\/wp-content\/uploads\/2019\/02\/Hotel-Forum-1w.jpg 1191w\" sizes=\"(max-width: 300px) 100vw, 300px\" \/><\/a>\n\t\t\t<\/div><\/figure><figure class='gallery-item'>\n\t\t\t<div class='gallery-icon landscape'>\n\t\t\t\t<a href='https:\/\/www.1912.pl\/wp-content\/uploads\/2019\/02\/Hotel-Forum-3w.jpg' rel=\"lightbox[856]\"><img width=\"300\" height=\"225\" src=\"https:\/\/www.1912.pl\/wp-content\/uploads\/2019\/02\/Hotel-Forum-3w-300x225.jpg\" class=\"attachment-medium size-medium\" alt=\"\" decoding=\"async\" loading=\"lazy\" srcset=\"https:\/\/www.1912.pl\/wp-content\/uploads\/2019\/02\/Hotel-Forum-3w-300x225.jpg 300w, https:\/\/www.1912.pl\/wp-content\/uploads\/2019\/02\/Hotel-Forum-3w-768x576.jpg 768w, https:\/\/www.1912.pl\/wp-content\/uploads\/2019\/02\/Hotel-Forum-3w-1024x768.jpg 1024w, https:\/\/www.1912.pl\/wp-content\/uploads\/2019\/02\/Hotel-Forum-3w.jpg 1191w\" sizes=\"(max-width: 300px) 100vw, 300px\" \/><\/a>\n\t\t\t<\/div><\/figure><figure class='gallery-item'>\n\t\t\t<div class='gallery-icon landscape'>\n\t\t\t\t<a href='https:\/\/www.1912.pl\/wp-content\/uploads\/2019\/02\/Hotel-Forum-2w.jpg' rel=\"lightbox[856]\"><img width=\"300\" height=\"225\" src=\"https:\/\/www.1912.pl\/wp-content\/uploads\/2019\/02\/Hotel-Forum-2w-300x225.jpg\" class=\"attachment-medium size-medium\" alt=\"\" decoding=\"async\" loading=\"lazy\" srcset=\"https:\/\/www.1912.pl\/wp-content\/uploads\/2019\/02\/Hotel-Forum-2w-300x225.jpg 300w, https:\/\/www.1912.pl\/wp-content\/uploads\/2019\/02\/Hotel-Forum-2w-768x576.jpg 768w, https:\/\/www.1912.pl\/wp-content\/uploads\/2019\/02\/Hotel-Forum-2w-1024x768.jpg 1024w, https:\/\/www.1912.pl\/wp-content\/uploads\/2019\/02\/Hotel-Forum-2w.jpg 1190w\" sizes=\"(max-width: 300px) 100vw, 300px\" \/><\/a>\n\t\t\t<\/div><\/figure>\n\t\t<\/div>\n\n<p>Zbudowanie takiej ekspozycji to powa\u017cne przedsi\u0119wzi\u0119cie pod wzgl\u0119dem logistyki, o czym nie zdaj\u0105 sobie cz\u0119sto sprawy zwiedzaj\u0105cy. Koordynacja produkcji, a nast\u0119pnie praca przy eksponatach jest nie\u0142atwym zadaniem, w kt\u00f3re zaanga\u017cowane s\u0105 ca\u0142e zespo\u0142y ludzi. Nigdy nie spotkamy ich na wystawie, jako zwiedzaj\u0105cy, ale to ich pracy zawdzi\u0119czamy finalny efekt.<\/p>\n<p>Moim\u00a0spacerom po tej swoistej budowie, towarzyszy\u0142y liczne rozmowy. Zapozna\u0142em organizator\u00f3w bli\u017cej z moimi zbiorami, a oni wyrazili ochot\u0119, by kilka eksponat\u00f3w z \u201ePolskiej Kolekcji\u201d znalaz\u0142o si\u0119 na sta\u0142ej ekspozycji. Nie by\u0142o to do ko\u0144ca \u0142atwe, gdy\u017c w uprzednio rozplanowanej ju\u017c przestrzeni, wymaga\u0142o to do\u0142\u0105czenia kilku dodatkowych gablot oraz wybudowania dodatkowej, ale wszystko si\u0119 korzystnie potoczy\u0142o.<\/p>\n<div id='gallery-4' class='gallery galleryid-856 gallery-columns-3 gallery-size-medium'><figure class='gallery-item'>\n\t\t\t<div class='gallery-icon landscape'>\n\t\t\t\t<a href='https:\/\/www.1912.pl\/wp-content\/uploads\/2019\/02\/Wystawa-przygotowania-1w.jpg' rel=\"lightbox[856]\"><img width=\"300\" height=\"225\" src=\"https:\/\/www.1912.pl\/wp-content\/uploads\/2019\/02\/Wystawa-przygotowania-1w-300x225.jpg\" class=\"attachment-medium size-medium\" alt=\"\" decoding=\"async\" loading=\"lazy\" srcset=\"https:\/\/www.1912.pl\/wp-content\/uploads\/2019\/02\/Wystawa-przygotowania-1w-300x225.jpg 300w, https:\/\/www.1912.pl\/wp-content\/uploads\/2019\/02\/Wystawa-przygotowania-1w-768x576.jpg 768w, https:\/\/www.1912.pl\/wp-content\/uploads\/2019\/02\/Wystawa-przygotowania-1w-1024x768.jpg 1024w, https:\/\/www.1912.pl\/wp-content\/uploads\/2019\/02\/Wystawa-przygotowania-1w.jpg 1191w\" sizes=\"(max-width: 300px) 100vw, 300px\" \/><\/a>\n\t\t\t<\/div><\/figure><figure class='gallery-item'>\n\t\t\t<div class='gallery-icon landscape'>\n\t\t\t\t<a href='https:\/\/www.1912.pl\/wp-content\/uploads\/2019\/02\/Wystawa-przygotowania-3w.jpg' rel=\"lightbox[856]\"><img width=\"300\" height=\"225\" src=\"https:\/\/www.1912.pl\/wp-content\/uploads\/2019\/02\/Wystawa-przygotowania-3w-300x225.jpg\" class=\"attachment-medium size-medium\" alt=\"\" decoding=\"async\" loading=\"lazy\" srcset=\"https:\/\/www.1912.pl\/wp-content\/uploads\/2019\/02\/Wystawa-przygotowania-3w-300x225.jpg 300w, https:\/\/www.1912.pl\/wp-content\/uploads\/2019\/02\/Wystawa-przygotowania-3w-768x576.jpg 768w, https:\/\/www.1912.pl\/wp-content\/uploads\/2019\/02\/Wystawa-przygotowania-3w-1024x768.jpg 1024w, https:\/\/www.1912.pl\/wp-content\/uploads\/2019\/02\/Wystawa-przygotowania-3w.jpg 1191w\" sizes=\"(max-width: 300px) 100vw, 300px\" \/><\/a>\n\t\t\t<\/div><\/figure><figure class='gallery-item'>\n\t\t\t<div class='gallery-icon landscape'>\n\t\t\t\t<a href='https:\/\/www.1912.pl\/wp-content\/uploads\/2019\/02\/Wystawa-przygotowania-2w.jpg' rel=\"lightbox[856]\"><img width=\"300\" height=\"225\" src=\"https:\/\/www.1912.pl\/wp-content\/uploads\/2019\/02\/Wystawa-przygotowania-2w-300x225.jpg\" class=\"attachment-medium size-medium\" alt=\"\" decoding=\"async\" loading=\"lazy\" srcset=\"https:\/\/www.1912.pl\/wp-content\/uploads\/2019\/02\/Wystawa-przygotowania-2w-300x225.jpg 300w, https:\/\/www.1912.pl\/wp-content\/uploads\/2019\/02\/Wystawa-przygotowania-2w-768x576.jpg 768w, https:\/\/www.1912.pl\/wp-content\/uploads\/2019\/02\/Wystawa-przygotowania-2w-1024x768.jpg 1024w, https:\/\/www.1912.pl\/wp-content\/uploads\/2019\/02\/Wystawa-przygotowania-2w.jpg 1191w\" sizes=\"(max-width: 300px) 100vw, 300px\" \/><\/a>\n\t\t\t<\/div><\/figure>\n\t\t<\/div>\n\n<p>Ostatecznie, do Krakowa z mojej kolekcji trafi\u0142 fragment <a href=\"http:\/\/www.1912.pl\/?p=761\">listwy z Wielkich Schod\u00f3w<\/a>, <a href=\"http:\/\/www.1912.pl\/?p=641\">jedwabna poczt\u00f3wka z Titanica<\/a>, <a href=\"http:\/\/www.1912.pl\/?p=657\">karty do gry White Star Line<\/a>, oraz <a href=\"http:\/\/www.1912.pl\/?p=707\">panel zegarowy<\/a>, b\u0119d\u0105cy elementem scenografii filmu Jamesa Camerona. Dodatkowo, z moich zbior\u00f3w, w kilku innych gablotach znalaz\u0142y si\u0119 banknoty u\u017cywane na ziemiach polskich na pocz\u0105tku XX wieku oraz zdj\u0119cie pokazuj\u0105ce mod\u0119 damsk\u0105 z ok. 1900 roku. O zdj\u0119ciu wspomn\u0119 nieco p\u00f3\u017aniej.<\/p>\n<p>Poczu\u0142em wielk\u0105 ekscytacj\u0119, a kiedy przywioz\u0142em do Krakowa eksponaty, wsp\u00f3lnie z ekip\u0105 produkcyjn\u0105 uzgodnili\u015bmy ich rozmieszczenie, o\u015bwietlenie i wiele innych szczeg\u00f3\u0142\u00f3w. Z panelem zegarowym by\u0142 najwi\u0119kszy problem logistyczny, przyjecha\u0142 po niego samoch\u00f3d dostawczy, z uwagi na rozmiar i ci\u0119\u017car skrzyni, w kt\u00f3rej by\u0142 umieszczony od czas\u00f3w Hollywood.<\/p>\n<div id='gallery-5' class='gallery galleryid-856 gallery-columns-1 gallery-size-medium'><figure class='gallery-item'>\n\t\t\t<div class='gallery-icon landscape'>\n\t\t\t\t<a href='https:\/\/www.1912.pl\/wp-content\/uploads\/2019\/02\/Zegar-i-skrzynia-w.jpg' rel=\"lightbox[856]\"><img width=\"300\" height=\"246\" src=\"https:\/\/www.1912.pl\/wp-content\/uploads\/2019\/02\/Zegar-i-skrzynia-w-300x246.jpg\" class=\"attachment-medium size-medium\" alt=\"\" decoding=\"async\" loading=\"lazy\" srcset=\"https:\/\/www.1912.pl\/wp-content\/uploads\/2019\/02\/Zegar-i-skrzynia-w-300x246.jpg 300w, https:\/\/www.1912.pl\/wp-content\/uploads\/2019\/02\/Zegar-i-skrzynia-w-768x630.jpg 768w, https:\/\/www.1912.pl\/wp-content\/uploads\/2019\/02\/Zegar-i-skrzynia-w-1024x840.jpg 1024w, https:\/\/www.1912.pl\/wp-content\/uploads\/2019\/02\/Zegar-i-skrzynia-w.jpg 1089w\" sizes=\"(max-width: 300px) 100vw, 300px\" \/><\/a>\n\t\t\t<\/div><\/figure>\n\t\t<\/div>\n\n<p>Przy budowie wystawy pozna\u0142em r\u00f3wnie\u017c osoby bezpo\u015brednio zwi\u0105zane z opiek\u0105 nad artefaktami z Titanica. Zapozna\u0142em si\u0119 z tym, w jaki spos\u00f3b wygl\u0105da ich praca i jak podr\u00f3\u017cuj\u0105 s\u0142ynne eksponaty. Pami\u0119tam dobrze pierwszy moment, kiedy zobaczy\u0142em niekt\u00f3re z nich, przygotowywane do umieszczenia w gablotach. Jeden z konserwator\u00f3w w\u00f3wczas przechodzi\u0142 obok mnie, prowadz\u0105c specjalny w\u00f3zek, s\u0142u\u017c\u0105cy do przewozu artefakt\u00f3w. Przedstawili\u015bmy si\u0119 sobie, ale tym samym, w\u00f3zek si\u0119 zatrzyma\u0142. Spojrza\u0142em w d\u00f3\u0142, tak najzwyczajniej, na w\u00f3zek i jego bardzo niezwyk\u0142\u0105 zawarto\u015b\u0107 i oniemia\u0142em. To pierwsze, wzruszaj\u0105ce odczucie i spe\u0142niaj\u0105ce si\u0119 osobiste marzenie.<\/p>\n<p>Jedn\u0105 z os\u00f3b, kt\u00f3r\u0105 pozna\u0142em w\u00f3wczas, by\u0142a Alexandra Klingelhofer, kt\u00f3ra pe\u0142ni funkcj\u0119 wiceprezydenta Premier Exhibitions ds. kolekcji. To w\u0142a\u015bnie ona sprawuje piecz\u0119 nad eksponatami. O tym, jak zaowocowa\u0142o to niezwyk\u0142e spotkanie, napisz\u0119 w p\u00f3\u017aniejszym czasie.<\/p>\n<div id='gallery-6' class='gallery galleryid-856 gallery-columns-1 gallery-size-medium'><figure class='gallery-item'>\n\t\t\t<div class='gallery-icon landscape'>\n\t\t\t\t<a href='https:\/\/www.1912.pl\/wp-content\/uploads\/2019\/02\/Alex-Klingelhofer-Drain-the-Titanic.jpg' rel=\"lightbox[856]\"><img width=\"300\" height=\"169\" src=\"https:\/\/www.1912.pl\/wp-content\/uploads\/2019\/02\/Alex-Klingelhofer-Drain-the-Titanic-300x169.jpg\" class=\"attachment-medium size-medium\" alt=\"\" decoding=\"async\" loading=\"lazy\" srcset=\"https:\/\/www.1912.pl\/wp-content\/uploads\/2019\/02\/Alex-Klingelhofer-Drain-the-Titanic-300x169.jpg 300w, https:\/\/www.1912.pl\/wp-content\/uploads\/2019\/02\/Alex-Klingelhofer-Drain-the-Titanic-768x432.jpg 768w, https:\/\/www.1912.pl\/wp-content\/uploads\/2019\/02\/Alex-Klingelhofer-Drain-the-Titanic-1024x576.jpg 1024w, https:\/\/www.1912.pl\/wp-content\/uploads\/2019\/02\/Alex-Klingelhofer-Drain-the-Titanic.jpg 1120w\" sizes=\"(max-width: 300px) 100vw, 300px\" \/><\/a>\n\t\t\t<\/div><\/figure>\n\t\t<\/div>\n\n<p>Mocna dawka emocji, pomieszana z poznawaniem wystawienniczej przestrzeni 2000 metr\u00f3w kwadratowych, mocno wpisa\u0142a si\u0119 w moje wspomnienia ze stycznia 2018.<\/p>\n<p>W mi\u0119dzyczasie, pojawi\u0142 si\u0119 temat mojej wsp\u00f3\u0142pracy z wystaw\u0105. Mia\u0142em zosta\u0107 jej ambasadorem w Polsce. Zabrzmia\u0142o jak propozycja nie do odrzucenia. Zrozumia\u0142em tez wtedy, \u017ce ko\u0144czy si\u0119 czas anonimowego prowadzenia bloga, gdy\u017c nie spos\u00f3b b\u0119dzie nie wspomnie\u0107 na blogu, \u017ce z wystaw\u0105 autor bloga nie ma nic wsp\u00f3lnego.<\/p>\n<p>Luty zbli\u017ca\u0142 si\u0119 nieub\u0142aganie. O wspomnieniach z tego czasu \u2013 ju\u017c wkr\u00f3tce \ud83d\ude42<\/p>\n","protected":false},"excerpt":{"rendered":"<p>Pierwsze dni roku 2018 by\u0142y dla mnie bardzo mi\u0142ym czasem. Maj\u0105c w g\u0142owie podsumowania z mijaj\u0105cego 2017, dotar\u0142a do mnie w\u00f3wczas niezwykle ciekawa informacja. Po raz pierwszy w Polsce mia\u0142a by\u0107 wystawiona ekspozycja artefakt\u00f3w wydobytych z Titanica. Dowiadywa\u0142em si\u0119 o tym z r\u00f3\u017cnych \u017ar\u00f3de\u0142 w relatywnie kr\u00f3tkim czasie. W pierwszej chwili, trudno mi by\u0142o w [&hellip;]<\/p>\n","protected":false},"author":1,"featured_media":881,"comment_status":"closed","ping_status":"open","sticky":false,"template":"","format":"standard","meta":[],"categories":[9,17],"tags":[],"_links":{"self":[{"href":"https:\/\/www.1912.pl\/index.php?rest_route=\/wp\/v2\/posts\/856"}],"collection":[{"href":"https:\/\/www.1912.pl\/index.php?rest_route=\/wp\/v2\/posts"}],"about":[{"href":"https:\/\/www.1912.pl\/index.php?rest_route=\/wp\/v2\/types\/post"}],"author":[{"embeddable":true,"href":"https:\/\/www.1912.pl\/index.php?rest_route=\/wp\/v2\/users\/1"}],"replies":[{"embeddable":true,"href":"https:\/\/www.1912.pl\/index.php?rest_route=%2Fwp%2Fv2%2Fcomments&post=856"}],"version-history":[{"count":10,"href":"https:\/\/www.1912.pl\/index.php?rest_route=\/wp\/v2\/posts\/856\/revisions"}],"predecessor-version":[{"id":1005,"href":"https:\/\/www.1912.pl\/index.php?rest_route=\/wp\/v2\/posts\/856\/revisions\/1005"}],"wp:featuredmedia":[{"embeddable":true,"href":"https:\/\/www.1912.pl\/index.php?rest_route=\/wp\/v2\/media\/881"}],"wp:attachment":[{"href":"https:\/\/www.1912.pl\/index.php?rest_route=%2Fwp%2Fv2%2Fmedia&parent=856"}],"wp:term":[{"taxonomy":"category","embeddable":true,"href":"https:\/\/www.1912.pl\/index.php?rest_route=%2Fwp%2Fv2%2Fcategories&post=856"},{"taxonomy":"post_tag","embeddable":true,"href":"https:\/\/www.1912.pl\/index.php?rest_route=%2Fwp%2Fv2%2Ftags&post=856"}],"curies":[{"name":"wp","href":"https:\/\/api.w.org\/{rel}","templated":true}]}}