{"id":1687,"date":"2025-02-01T01:16:38","date_gmt":"2025-02-01T00:16:38","guid":{"rendered":"https:\/\/www.1912.pl\/?p=1687"},"modified":"2025-02-03T01:06:43","modified_gmt":"2025-02-03T00:06:43","slug":"kulisy-otwarcia-wystawy-titanic-the-artifact-exhibition-w-warszawie","status":"publish","type":"post","link":"https:\/\/www.1912.pl\/?p=1687","title":{"rendered":"Kulisy otwarcia Wystawy &#8222;Titanic: The Artifact Exhibition&#8221; w Warszawie"},"content":{"rendered":"\n<p>1 wrze\u015bnia minionego, 2024 roku, otworzy\u0142a si\u0119 dla publiczno\u015bci wyj\u0105tkowa wystawa w Warszawie: \u201eTitanic \u2013 the Artifact Exhibition\u201d. Jest to wystawa podr\u00f3\u017cuj\u0105ca, kt\u00f3r\u0105 do tej pory widzia\u0142o oko\u0142o 35 milion\u00f3w zwiedzaj\u0105cych. Na edycj\u0119 w Warszawie starannie wyselekcjonowano oko\u0142o 160 eksponat\u00f3w, kt\u00f3re pochodz\u0105 z jednej z najbardziej znamienitych kolekcji \u015bwiata\u2026<\/p>\n\n\n\n<figure class=\"wp-block-image size-large\"><img decoding=\"async\" loading=\"lazy\" width=\"1024\" height=\"623\" src=\"https:\/\/www.1912.pl\/wp-content\/uploads\/2025\/01\/Titanic-The-Artifact-Exhibition-Warszawa-1024x623.jpg\" alt=\"\" class=\"wp-image-1689\" srcset=\"https:\/\/www.1912.pl\/wp-content\/uploads\/2025\/01\/Titanic-The-Artifact-Exhibition-Warszawa-1024x623.jpg 1024w, https:\/\/www.1912.pl\/wp-content\/uploads\/2025\/01\/Titanic-The-Artifact-Exhibition-Warszawa-300x183.jpg 300w, https:\/\/www.1912.pl\/wp-content\/uploads\/2025\/01\/Titanic-The-Artifact-Exhibition-Warszawa-768x467.jpg 768w, https:\/\/www.1912.pl\/wp-content\/uploads\/2025\/01\/Titanic-The-Artifact-Exhibition-Warszawa-1536x935.jpg 1536w, https:\/\/www.1912.pl\/wp-content\/uploads\/2025\/01\/Titanic-The-Artifact-Exhibition-Warszawa-18x12.jpg 18w, https:\/\/www.1912.pl\/wp-content\/uploads\/2025\/01\/Titanic-The-Artifact-Exhibition-Warszawa.jpg 2048w\" sizes=\"(max-width: 1024px) 100vw, 1024px\" \/><figcaption class=\"wp-element-caption\"><em><sup>Soho Art Center w Warszawie &#8211; &#8222;Titanic: The Artifact Exhibition&#8221;<\/sup><\/em><\/figcaption><\/figure>\n\n\n\n<p>Do tych informacji mo\u017cna dopisa\u0107 z pewno\u015bci\u0105 kilka innych oficjalnych zda\u0144, kt\u00f3re powtarzaj\u0105 si\u0119 w powszechnych przekazach medialnych. Dla mnie jednak to zupe\u0142nie inne do\u015bwiadczenie. W niniejszym wpisie podziel\u0119 si\u0119 z Wami moim w\u0142asnym punktem widzenia na temat Wystawy w kontek\u015bcie rozwoju mojej wielkiej pasji opartej o poznawanie historii Titanica. <\/p>\n\n\n\n<p>Kiedy pojawi\u0142 si\u0119 pierwszy zwiastun tego, \u017ce b\u0119dziemy go\u015bci\u0107 Wystaw\u0119 w Polsce, ucieszy\u0142em si\u0119, bo wiedzia\u0142em, \u017ce z pewno\u015bci\u0105 zobacz\u0119 j\u0105 jako zwiedzaj\u0105cy, w trakcie kt\u00f3rego\u015b z moich wypad\u00f3w do Warszawy. By\u0142em ciekawy, jakie eksponaty zostan\u0105 wybrane, w jaki spos\u00f3b ponownie zostanie opowiedziana historia s\u0142ynnego statku w naszym kraju. B\u0119d\u0105c Ambasadorem bli\u017aniaczej wystawy artefakt\u00f3w z Titanica, odbywaj\u0105cej si\u0119 w Krakowie, w 2018 roku, i jednocze\u015bnie jedynym w\u00f3wczas przewodnikiem, mia\u0142em w sobie wielk\u0105 rado\u015b\u0107, \u017ce ponownie przejd\u0119 si\u0119 po korytarzach i salach, w\u015br\u00f3d autentycznych przedmiot\u00f3w wydobytych z dna oceanu. Nie s\u0105dzi\u0142em jednak, \u017ce b\u0119d\u0119 si\u0119 w\u015br\u00f3d nich przechadza\u0142 tak cz\u0119sto\u2026<\/p>\n\n\n\n<figure class=\"wp-block-image size-large\"><img decoding=\"async\" loading=\"lazy\" width=\"1024\" height=\"673\" src=\"https:\/\/www.1912.pl\/wp-content\/uploads\/2025\/01\/IMG_024934-1024x673.jpg\" alt=\"\" class=\"wp-image-1693\" srcset=\"https:\/\/www.1912.pl\/wp-content\/uploads\/2025\/01\/IMG_024934-1024x673.jpg 1024w, https:\/\/www.1912.pl\/wp-content\/uploads\/2025\/01\/IMG_024934-300x197.jpg 300w, https:\/\/www.1912.pl\/wp-content\/uploads\/2025\/01\/IMG_024934-768x504.jpg 768w, https:\/\/www.1912.pl\/wp-content\/uploads\/2025\/01\/IMG_024934-1536x1009.jpg 1536w, https:\/\/www.1912.pl\/wp-content\/uploads\/2025\/01\/IMG_024934-18x12.jpg 18w, https:\/\/www.1912.pl\/wp-content\/uploads\/2025\/01\/IMG_024934.jpg 1600w\" sizes=\"(max-width: 1024px) 100vw, 1024px\" \/><figcaption class=\"wp-element-caption\"><em><sup>04.05.2018 Hotel Forum, Krak\u00f3w. Na wystawie &#8222;Titanic: The Artifact Exhibition&#8221; <\/sup><\/em><\/figcaption><\/figure>\n\n\n\n<p><br>Obecnie, moja sytuacja wygl\u0105da nieco inaczej ni\u017c w 2018 roku. W mi\u0119dzyczasie odby\u0142em wiele podr\u00f3\u017cy zwi\u0105zanych z moj\u0105 pasj\u0105, poznawa\u0142em kolejnych pasjonat\u00f3w, historyk\u00f3w, a przede wszystkim rozbudowywa\u0142em sukcesywnie swoj\u0105 w\u0142asn\u0105 kolekcj\u0119 przedmiot\u00f3w zwi\u0105zanych z histori\u0105 Titanica i White Star Line. <\/p>\n\n\n\n<p>Cho\u0107 2018 rok by\u0142 dla mnie prze\u0142omowy, pod wzgl\u0119dem przeniesienia si\u0119 na \u201edrug\u0105 stron\u0119 mocy\u201d i du\u017cego zaanga\u017cowania w organizacj\u0119 krakowskiej Wystawy, traktowa\u0142em to ju\u017c jako rozdzia\u0142 zamkni\u0119ty. By\u0142em, widzia\u0142em, prze\u017cy\u0142em. Patrzy\u0142em na to, jak \u00f3wczesna Wystawa powstawa\u0142a, b\u0119d\u0105c jej pierwszym i ostatnim zwiedzaj\u0105cym. Obcowa\u0142em z przedmiotami sam na sam, bez gablot, razem z konserwatorami, kt\u00f3rzy byli niezwykle cierpliwi, odpowiadaj\u0105c na dziesi\u0105tki moich pyta\u0144. W trakcie trwania wystawy oprowadzi\u0142em po niej zwiedzaj\u0105cych, dziel\u0105c si\u0119 swoj\u0105 pasj\u0105. Spe\u0142ni\u0142em swoje wielkie marzenie, aby ekspozycja by\u0142a w Polsce, ale te\u017c poczu\u0142em si\u0119 bardzo doceniony, gdy powierzono mi w\u00f3wczas rol\u0119 Ambasadora. W roku 2024 to wszystko by\u0142o moim pi\u0119knym wspomnieniem sprzed lat. Kto by przypuszcza\u0142, \u017ce akurat to wspomnienie po tylu latach o\u017cyje na nowo\u2026 <\/p>\n\n\n\n<p>Na zdj\u0119ciach poni\u017cej ma\u0142a retrospekcja sprzed kilku lat z Krakowa:<\/p>\n\n\n\n<figure class=\"wp-block-image size-large\"><img decoding=\"async\" loading=\"lazy\" width=\"1024\" height=\"683\" src=\"https:\/\/www.1912.pl\/wp-content\/uploads\/2025\/01\/IMG_018591-1024x683.jpg\" alt=\"\" class=\"wp-image-1690\" srcset=\"https:\/\/www.1912.pl\/wp-content\/uploads\/2025\/01\/IMG_018591-1024x683.jpg 1024w, https:\/\/www.1912.pl\/wp-content\/uploads\/2025\/01\/IMG_018591-300x200.jpg 300w, https:\/\/www.1912.pl\/wp-content\/uploads\/2025\/01\/IMG_018591-768x512.jpg 768w, https:\/\/www.1912.pl\/wp-content\/uploads\/2025\/01\/IMG_018591-1536x1024.jpg 1536w, https:\/\/www.1912.pl\/wp-content\/uploads\/2025\/01\/IMG_018591-18x12.jpg 18w, https:\/\/www.1912.pl\/wp-content\/uploads\/2025\/01\/IMG_018591-272x182.jpg 272w, https:\/\/www.1912.pl\/wp-content\/uploads\/2025\/01\/IMG_018591.jpg 1600w\" sizes=\"(max-width: 1024px) 100vw, 1024px\" \/><figcaption class=\"wp-element-caption\"><sup><em>08.02.2018 Hotel Forum, Krak\u00f3w. Otwarcie Wystawy &#8222;Titanic: The Artifact Exhibition&#8221;. Paulina Krupi\u0144ska i Krzysztof M\u0119drala<\/em><\/sup><\/figcaption><\/figure>\n\n\n\n<figure class=\"wp-block-image size-large\"><img decoding=\"async\" loading=\"lazy\" width=\"1024\" height=\"683\" src=\"https:\/\/www.1912.pl\/wp-content\/uploads\/2025\/01\/IMG_024925-1024x683.jpg\" alt=\"\" class=\"wp-image-1691\" srcset=\"https:\/\/www.1912.pl\/wp-content\/uploads\/2025\/01\/IMG_024925-1024x683.jpg 1024w, https:\/\/www.1912.pl\/wp-content\/uploads\/2025\/01\/IMG_024925-300x200.jpg 300w, https:\/\/www.1912.pl\/wp-content\/uploads\/2025\/01\/IMG_024925-768x512.jpg 768w, https:\/\/www.1912.pl\/wp-content\/uploads\/2025\/01\/IMG_024925-1536x1024.jpg 1536w, https:\/\/www.1912.pl\/wp-content\/uploads\/2025\/01\/IMG_024925-18x12.jpg 18w, https:\/\/www.1912.pl\/wp-content\/uploads\/2025\/01\/IMG_024925-272x182.jpg 272w, https:\/\/www.1912.pl\/wp-content\/uploads\/2025\/01\/IMG_024925.jpg 1600w\" sizes=\"(max-width: 1024px) 100vw, 1024px\" \/><figcaption class=\"wp-element-caption\"><sup><em>04.05.2018 Hotel Forum, Krak\u00f3w. Ambasador Wystawy &#8222;Titanic: The Artifact Exhibition&#8221; Krzysztof M\u0119drala<\/em><\/sup><\/figcaption><\/figure>\n\n\n\n<p>Wracaj\u0105c do czas\u00f3w bardziej tera\u017aniejszych: wiosn\u0105 2024 roku, czyli kilka miesi\u0119cy przed otwarciem Wystawy w Warszawie, otrzyma\u0142em wa\u017cn\u0105 wiadomo\u015b\u0107, w kt\u00f3rej \u2013 o ch\u0119\u0107 nawi\u0105zania wsp\u00f3\u0142pracy \u2013 zwr\u00f3ci\u0142 si\u0119 do mnie organizator. W\u00f3wczas jeszcze w nie do ko\u0144ca precyzyjnie forma tej wsp\u00f3\u0142pracy by\u0142a okre\u015blona, ale podsk\u00f3rnie rozumia\u0142em, co si\u0119 \u015bwi\u0119ci.  Tak oto rozpocz\u0105\u0142 si\u0119 d\u0142ugi czas wielu telefon\u00f3w, rozm\u00f3w, korespondencji. W mi\u0119dzyczasie, od roku 2018, nast\u0105pi\u0142y te\u017c zmiany personalne w instytucji RMS Titanic Inc., kt\u00f3ra opiekuje si\u0119 eksponatami wydobytymi z wraku. Cieszy\u0142em si\u0119 niezmiernie, \u017ce b\u0119dzie mi dane osobi\u015bcie pozna\u0107 nowe osoby, kt\u00f3re rozpocz\u0119\u0142y w tej instytucji swoj\u0105 prac\u0119.<\/p>\n\n\n\n<p>Organizacja Wystawy w Warszawie wymaga\u0142a wielkiego wysi\u0142ku organizatora i zacie\u015bnionej wsp\u00f3\u0142pracy ze stron\u0105 ameryka\u0144sk\u0105, tak, by przygotowa\u0107 ekspozycj\u0119 wyj\u0105tkow\u0105. Do\u015b\u0107 du\u017c\u0105 rol\u0119 odgrywa\u0142o w tym procesie wsparcie medi\u00f3w.<\/p>\n\n\n\n<p>Pewnego dnia otrzyma\u0142em telefon inny od poprzednich, kt\u00f3rego nie zapomn\u0119 na d\u0142ugi czas. W trakcie rozmowy wybrzmia\u0142o w nim zdanie: \u201eKrzysztof, chcemy, \u017ceby\u015b zosta\u0142 Ambasadorem Wystawy w Warszawie\u201d. Nagle, przeszy\u0142y mnie iskry, kt\u00f3re pami\u0119ta\u0142em z podobnego momentu z przygotowa\u0144 Wystawy w Krakowie. Takiej pro\u015bby nie mo\u017cna by\u0142o odm\u00f3wi\u0107. Nie s\u0105dzi\u0142em, ze powt\u00f3rnie b\u0119dzie mi to dane. Zrozumia\u0142em, \u017ce musz\u0119 mocno zrewidowa\u0107 r\u00f3wnie\u017c swoje plany prywatne na czas kolejnych miesi\u0119cy, uwzgl\u0119dniaj\u0105c w kalendarzu wiele wyjazd\u00f3w do Warszawy. Ucieszy\u0142em si\u0119 niezmiernie i ruszy\u0142em pe\u0142en energii, postanawiaj\u0105c, \u017ce dam ze swojej strony maksymalne mo\u017cliwe wsparcie.<\/p>\n\n\n\n<figure class=\"wp-block-image size-full\"><img decoding=\"async\" loading=\"lazy\" width=\"1024\" height=\"551\" src=\"https:\/\/www.1912.pl\/wp-content\/uploads\/2025\/01\/image-1.png\" alt=\"\" class=\"wp-image-1698\" srcset=\"https:\/\/www.1912.pl\/wp-content\/uploads\/2025\/01\/image-1.png 1024w, https:\/\/www.1912.pl\/wp-content\/uploads\/2025\/01\/image-1-300x161.png 300w, https:\/\/www.1912.pl\/wp-content\/uploads\/2025\/01\/image-1-768x413.png 768w, https:\/\/www.1912.pl\/wp-content\/uploads\/2025\/01\/image-1-18x10.png 18w\" sizes=\"(max-width: 1024px) 100vw, 1024px\" \/><figcaption class=\"wp-element-caption\"><sup><em>01.09.2024 Na otwarciu wystawy &#8222;Titanic: The Artifact Exhibition&#8221; w Warszawie<\/em><\/sup><\/figcaption><\/figure>\n\n\n\n<p>Programy telewizyjne, kt\u00f3re zrealizowali\u015bmy o Wystawie w kilku r\u00f3\u017cnych stacjach telewizyjnych, mia\u0142y \u0142\u0105czny zasi\u0119g kilku milion\u00f3w widz\u00f3w. Ogromn\u0105 rol\u0119 w budowaniu zasi\u0119g\u00f3w mia\u0142y r\u00f3wnie\u017c stacje radiowe, gazety, czasopisma i internet. To by\u0142 niezwykle mocny zastrzyk pozytywnej energii, kt\u00f3ra niezwykle mnie zmotywowa\u0142a do dalszego dzia\u0142ania ale te\u017c pozwoli\u0142a poczu\u0107 si\u0119 docenionym i zauwa\u017conym.<\/p>\n\n\n\n<p>Do dzi\u015b mam w sobie wdzi\u0119czno\u015b\u0107 dla organizator\u00f3w wystawy, \u017ce dosta\u0142em mo\u017cliwo\u015b\u0107 konsultacji tego, co finalnie znalaz\u0142o si\u0119 na ekspozycji. By\u0142 to dla mnie wielki zaszczyt, poznaj\u0105c precyzyjny zakres eksponat\u00f3w w poszczeg\u00f3lnych gablotach pierwotnego za\u0142o\u017cenia Wystawy, na d\u0142ugo przed jej otwarciem oraz s\u0142u\u017c\u0105c jako silny g\u0142os doradczy w zakresie zmodyfikowania ekspozycji. <\/p>\n\n\n\n<figure class=\"wp-block-image size-large\"><img decoding=\"async\" loading=\"lazy\" width=\"1024\" height=\"531\" src=\"https:\/\/www.1912.pl\/wp-content\/uploads\/2025\/01\/Cherubin-z-Titanica-1-1024x531.jpg\" alt=\"\" class=\"wp-image-1701\" srcset=\"https:\/\/www.1912.pl\/wp-content\/uploads\/2025\/01\/Cherubin-z-Titanica-1-1024x531.jpg 1024w, https:\/\/www.1912.pl\/wp-content\/uploads\/2025\/01\/Cherubin-z-Titanica-1-300x156.jpg 300w, https:\/\/www.1912.pl\/wp-content\/uploads\/2025\/01\/Cherubin-z-Titanica-1-768x398.jpg 768w, https:\/\/www.1912.pl\/wp-content\/uploads\/2025\/01\/Cherubin-z-Titanica-1-1536x797.jpg 1536w, https:\/\/www.1912.pl\/wp-content\/uploads\/2025\/01\/Cherubin-z-Titanica-1-2048x1063.jpg 2048w, https:\/\/www.1912.pl\/wp-content\/uploads\/2025\/01\/Cherubin-z-Titanica-1-18x9.jpg 18w\" sizes=\"(max-width: 1024px) 100vw, 1024px\" \/><figcaption class=\"wp-element-caption\"><em><sup>Pierwsze spotkanie z cherubinem z klatki schodowej pierwszej klasy Titanica, wydobytego z wraku. <\/sup><\/em><\/figcaption><\/figure>\n\n\n\n<p>Je\u015bli ktokolwiek z Was zastanawia\u0142 si\u0119 do tej pory, dlaczego w Warszawie mamy tak mocne przedmioty jak figur\u0119 cherubina z Wielkich Schod\u00f3w, drzwi wej\u015bciowe na statek z pok\u0142adu D, okno z kwater oficerskich, podstaw\u0119 ko\u0142a sterowego, telegraf maszynowy, czy przepi\u0119kn\u0105 bi\u017cuteri\u0119 \u2013 to mog\u0119 Wam nieskromnie odpowiedzie\u0107, \u017ce do\u0142o\u017cy\u0142em do tego swoich stara\u0144, by przekona\u0107 organizator\u00f3w o dodatkowym transporcie tych w\u0142a\u015bnie eksponat\u00f3w, bez kt\u00f3rych Wystawa nigdy nie by\u0142aby tak silna w odbiorze. Odczu\u0142em te\u017c nieprawdopodobn\u0105 wprost rado\u015b\u0107, gdy zaakceptowano ten pomys\u0142. Wiele z przedmiot\u00f3w, kt\u00f3re mamy w Warszawie, nigdy nie by\u0142o wcze\u015bniej w Europie. <\/p>\n\n\n\n<figure class=\"wp-block-image size-large\"><img decoding=\"async\" loading=\"lazy\" width=\"1024\" height=\"340\" src=\"https:\/\/www.1912.pl\/wp-content\/uploads\/2025\/02\/Eksponaty-1024x340.jpg\" alt=\"\" class=\"wp-image-1702\" srcset=\"https:\/\/www.1912.pl\/wp-content\/uploads\/2025\/02\/Eksponaty-1024x340.jpg 1024w, https:\/\/www.1912.pl\/wp-content\/uploads\/2025\/02\/Eksponaty-300x100.jpg 300w, https:\/\/www.1912.pl\/wp-content\/uploads\/2025\/02\/Eksponaty-768x255.jpg 768w, https:\/\/www.1912.pl\/wp-content\/uploads\/2025\/02\/Eksponaty-1536x510.jpg 1536w, https:\/\/www.1912.pl\/wp-content\/uploads\/2025\/02\/Eksponaty-2048x680.jpg 2048w, https:\/\/www.1912.pl\/wp-content\/uploads\/2025\/02\/Eksponaty-18x6.jpg 18w\" sizes=\"(max-width: 1024px) 100vw, 1024px\" \/><\/figure>\n\n\n\n<p><\/p>\n\n\n\n<p>Jak wspomnia\u0142em wcze\u015bniej, Wystawa otworzona by\u0142a dla publiczno\u015bci 1 wrze\u015bnia 2024 roku. Kilka dni poprzedzaj\u0105cych moment otwarcia sp\u0119dza\u0142em, dogl\u0105daj\u0105c ostatnich przygotowa\u0144. Od\u017cy\u0142o we mnie krakowskie wspomnienie sprzed lat, kiedy finalnie najbardziej ekscytuj\u0105cym dla mnie czasem by\u0142 etap przez zamkni\u0119ciem gablot\u2026 W\u00f3wczas, wydarzy\u0142a si\u0119 dla mnie rzecz poza czasem i przestrzeni\u0105. Wystaw\u0119, w pe\u0142ni gotow\u0105 do przyj\u0119cia pierwszych go\u015bci, ale nadal zamkni\u0119t\u0105 \u2013 zwiedzi\u0142em sam na sam z Tomasin\u0105 Ray, Prezydentem RMS Titanic Inc., i jednocze\u015bnie Dyrektork\u0105 Kolekcji. By\u0142a to najbardziej fantastyczna, wielogodzinna lekcja historii dla mnie w minionym 2024 roku. Sp\u0119dzili\u015bmy bardzo du\u017co czasu w tamte dni, dziel\u0105c si\u0119 wzajemn\u0105 wiedz\u0105, ciekawostkami, pytaniami, odpowiedziami.<\/p>\n\n\n\n<figure class=\"wp-block-image size-large\"><img decoding=\"async\" loading=\"lazy\" width=\"1024\" height=\"652\" src=\"https:\/\/www.1912.pl\/wp-content\/uploads\/2025\/02\/Tomasina-Ray-Krzysztof-Medrala-1024x652.jpg\" alt=\"\" class=\"wp-image-1704\" srcset=\"https:\/\/www.1912.pl\/wp-content\/uploads\/2025\/02\/Tomasina-Ray-Krzysztof-Medrala-1024x652.jpg 1024w, https:\/\/www.1912.pl\/wp-content\/uploads\/2025\/02\/Tomasina-Ray-Krzysztof-Medrala-300x191.jpg 300w, https:\/\/www.1912.pl\/wp-content\/uploads\/2025\/02\/Tomasina-Ray-Krzysztof-Medrala-768x489.jpg 768w, https:\/\/www.1912.pl\/wp-content\/uploads\/2025\/02\/Tomasina-Ray-Krzysztof-Medrala-1536x978.jpg 1536w, https:\/\/www.1912.pl\/wp-content\/uploads\/2025\/02\/Tomasina-Ray-Krzysztof-Medrala-2048x1303.jpg 2048w, https:\/\/www.1912.pl\/wp-content\/uploads\/2025\/02\/Tomasina-Ray-Krzysztof-Medrala-18x12.jpg 18w\" sizes=\"(max-width: 1024px) 100vw, 1024px\" \/><figcaption class=\"wp-element-caption\"><em><sup>2024, Warszawa. Krzysztof M\u0119drala i Tomasina Ray<\/sup><\/em><\/figcaption><\/figure>\n\n\n\n<p>Nie zapomn\u0119 te\u017c chwili, kiedy Tomasina powiedzia\u0142a na koniec tego d\u0142ugiego spaceru po wystawie do polskiego przedstawiciela organizatora, \u017ce teraz ma pewno\u015b\u0107, \u017ce Wystawa jest w dobrych r\u0119kach. Moja wdzi\u0119czno\u015b\u0107 za ten czas i te s\u0142owa by\u0142a ogromna.<\/p>\n\n\n\n<p>Nadchodzi\u0142 czas otwarcia wystawy dla publiczno\u015bci. W ci\u0105gu poprzedzaj\u0105cego weekendu pierwsz\u0105 transmisj\u0119 z jeszcze zamkni\u0119tej dla zwiedzaj\u0105cych ekspozycji przeprowadzi\u0142a telewizja TVN. Mieli\u015bmy szereg wej\u015b\u0107 na \u017cywo w \u201eDzie\u0144 dobry TVN\u201d, szacuj\u0105c zasi\u0119g medialny na oko\u0142o p\u00f3\u0142tora miliona widz\u00f3w.<\/p>\n\n\n\n<figure class=\"wp-block-image size-full\"><img decoding=\"async\" loading=\"lazy\" width=\"1024\" height=\"537\" src=\"https:\/\/www.1912.pl\/wp-content\/uploads\/2025\/02\/image.png\" alt=\"\" class=\"wp-image-1703\" srcset=\"https:\/\/www.1912.pl\/wp-content\/uploads\/2025\/02\/image.png 1024w, https:\/\/www.1912.pl\/wp-content\/uploads\/2025\/02\/image-300x157.png 300w, https:\/\/www.1912.pl\/wp-content\/uploads\/2025\/02\/image-768x403.png 768w, https:\/\/www.1912.pl\/wp-content\/uploads\/2025\/02\/image-18x9.png 18w\" sizes=\"(max-width: 1024px) 100vw, 1024px\" \/><figcaption class=\"wp-element-caption\"><em><sup>31.08.2024 &#8222;Dzie\u0144 dobry TVN&#8221; &#8211; Dorota Gardias i Ambasador Wystawy, Krzysztof M\u0119drala<\/sup><\/em><\/figcaption><\/figure>\n\n\n\n<figure class=\"wp-block-image size-large\"><img decoding=\"async\" loading=\"lazy\" width=\"1024\" height=\"658\" src=\"https:\/\/www.1912.pl\/wp-content\/uploads\/2025\/02\/Dzien-dobry-TVN--1024x658.jpg\" alt=\"\" class=\"wp-image-1705\" srcset=\"https:\/\/www.1912.pl\/wp-content\/uploads\/2025\/02\/Dzien-dobry-TVN--1024x658.jpg 1024w, https:\/\/www.1912.pl\/wp-content\/uploads\/2025\/02\/Dzien-dobry-TVN--300x193.jpg 300w, https:\/\/www.1912.pl\/wp-content\/uploads\/2025\/02\/Dzien-dobry-TVN--768x494.jpg 768w, https:\/\/www.1912.pl\/wp-content\/uploads\/2025\/02\/Dzien-dobry-TVN--18x12.jpg 18w, https:\/\/www.1912.pl\/wp-content\/uploads\/2025\/02\/Dzien-dobry-TVN-.jpg 1512w\" sizes=\"(max-width: 1024px) 100vw, 1024px\" \/><figcaption class=\"wp-element-caption\"><em><sup>31.08.2024 &#8222;Dzie\u0144 dobry TVN&#8221; &#8211; Dorota Gardias i Ambasador Wystawy, Krzysztof M\u0119drala<\/sup><\/em><\/figcaption><\/figure>\n\n\n\n<p>Uwierzcie, nie jest \u0142atwo patrze\u0107 w szklany obiektyw kamery, wiedz\u0105c, ile os\u00f3b jest po drugiej stronie. Ale posz\u0142o, dobrze! Dorota Gardias, prowadz\u0105ca tamten program, by\u0142a fantastyczna, a ja z kolei prowadzi\u0142em j\u0105 przez ekspozycj\u0119, opowiadaj\u0105c o eksponatach. Ucieszy\u0142em si\u0119, kiedy w kilka miesi\u0119cy p\u00f3\u017aniej mia\u0142a ochot\u0119 ponownie odwiedzi\u0107 wystaw\u0119 prywatnie i do\u0142\u0105czy\u0107 do grupy zwiedzaj\u0105cych, kt\u00f3r\u0105 oprowadza\u0142em.<\/p>\n\n\n\n<p>Wkr\u00f3tce przed samym otwarciem, zosta\u0142a zorganizowana du\u017ca konferencja prasowa w przestrzeniach wystawy. Na niej zjawi\u0142o si\u0119 kilkadziesi\u0105t os\u00f3b &#8211; dziennikarzy i zaproszonych go\u015bci. <\/p>\n\n\n\n<figure class=\"wp-block-image size-large\"><img decoding=\"async\" loading=\"lazy\" width=\"1024\" height=\"520\" src=\"https:\/\/www.1912.pl\/wp-content\/uploads\/2025\/02\/Konferencja-prasowa-1-1024x520.jpg\" alt=\"\" class=\"wp-image-1706\" srcset=\"https:\/\/www.1912.pl\/wp-content\/uploads\/2025\/02\/Konferencja-prasowa-1-1024x520.jpg 1024w, https:\/\/www.1912.pl\/wp-content\/uploads\/2025\/02\/Konferencja-prasowa-1-300x152.jpg 300w, https:\/\/www.1912.pl\/wp-content\/uploads\/2025\/02\/Konferencja-prasowa-1-768x390.jpg 768w, https:\/\/www.1912.pl\/wp-content\/uploads\/2025\/02\/Konferencja-prasowa-1-1536x779.jpg 1536w, https:\/\/www.1912.pl\/wp-content\/uploads\/2025\/02\/Konferencja-prasowa-1-18x9.jpg 18w, https:\/\/www.1912.pl\/wp-content\/uploads\/2025\/02\/Konferencja-prasowa-1.jpg 2016w\" sizes=\"(max-width: 1024px) 100vw, 1024px\" \/><figcaption class=\"wp-element-caption\"><em><sup>Konferencja prasowa &#8211; otwarcie wystawy &#8222;Titanic: The Artifact Exhibition&#8221; w Warszawie<\/sup><\/em><\/figcaption><\/figure>\n\n\n\n<p>Na konferencji wyst\u0105pi\u0142em u boku Tomasiny Ray, opowiadaj\u0105c o wystawie i wadze tego, jak wielk\u0105 rol\u0119 edukacyjn\u0105 pe\u0142ni\u0105 eksponaty wydobywane z Titanica. I zn\u00f3w spotka\u0142a mnie kolejna mi\u0142a niespodzianka, kiedy Tomasina powiedzia\u0142a do dziennikarzy i obecnych go\u015bci, o tym, jak wa\u017cne w piel\u0119gnowaniu historii s\u0142ynnego liniowca odgrywaj\u0105 takie kolekcje przedmiot\u00f3w, jak moja \u2013 kt\u00f3ra w absolutnie niezamierzony, na przestrzeni kilkunastu lat, sta\u0142a si\u0119 jednym z najwi\u0119kszych prywatnych zbior\u00f3w w Europie.<\/p>\n\n\n\n<figure class=\"wp-block-image size-large\"><img decoding=\"async\" loading=\"lazy\" width=\"1024\" height=\"702\" src=\"https:\/\/www.1912.pl\/wp-content\/uploads\/2025\/02\/Tomasina-Ray-Krzysztof-Medrala-1-1024x702.jpg\" alt=\"\" class=\"wp-image-1707\" srcset=\"https:\/\/www.1912.pl\/wp-content\/uploads\/2025\/02\/Tomasina-Ray-Krzysztof-Medrala-1-1024x702.jpg 1024w, https:\/\/www.1912.pl\/wp-content\/uploads\/2025\/02\/Tomasina-Ray-Krzysztof-Medrala-1-300x206.jpg 300w, https:\/\/www.1912.pl\/wp-content\/uploads\/2025\/02\/Tomasina-Ray-Krzysztof-Medrala-1-768x526.jpg 768w, https:\/\/www.1912.pl\/wp-content\/uploads\/2025\/02\/Tomasina-Ray-Krzysztof-Medrala-1-1536x1053.jpg 1536w, https:\/\/www.1912.pl\/wp-content\/uploads\/2025\/02\/Tomasina-Ray-Krzysztof-Medrala-1-2048x1404.jpg 2048w, https:\/\/www.1912.pl\/wp-content\/uploads\/2025\/02\/Tomasina-Ray-Krzysztof-Medrala-1-18x12.jpg 18w\" sizes=\"(max-width: 1024px) 100vw, 1024px\" \/><figcaption class=\"wp-element-caption\"><em><sup>Konferencja prasowa &#8211; otwarcie wystawy &#8222;Titanic: The Artifact Exhibition&#8221; w Warszawie. Fot. M. P\u0119cikiewicz<\/sup><\/em><\/figcaption><\/figure>\n\n\n\n<p>Wkr\u00f3tce po zako\u0144czeniu niezwykle intensywnych dzia\u0142a\u0144 medialnych, przyszed\u0142 moment otwarcia drzwi wystawy dla publiczno\u015bci. Przyjecha\u0142em wtedy na Wystaw\u0119, nie maj\u0105c ju\u017c \u017cadnych obowi\u0105zk\u00f3w wi\u0119c z przyjemno\u015bci\u0105 spotyka\u0142em si\u0119 z pierwszymi zwiedzaj\u0105cymi, b\u0119d\u0105c ciekawym ich wra\u017ce\u0144. <\/p>\n\n\n\n<p>W ci\u0105gu pierwszego dnia Wystaw\u0119 odwiedzi\u0142o oko\u0142o dw\u00f3ch tysi\u0119cy go\u015bci.<\/p>\n\n\n\n<p>Do dzi\u015b zwiedzaj\u0105cy dziel\u0105 si\u0119 swoimi komentarzami, wra\u017ceniami\u2026 Dziel\u0119 si\u0119 nimi i ja, a ich ci\u0105g dalszy nast\u0105pi w kolejnym wpisie ju\u017c wkr\u00f3tce.<\/p>\n\n\n\n<p>Koniec trwania Wystawy w Warszawie zosta\u0142 wyznaczony na 31 marca 2025. Tak wi\u0119c zosta\u0142y nam jedynie dwa miesi\u0105ce na zobaczenie s\u0142ynnej ekspozycji.<\/p>\n\n\n\n<p>\u201eTitanic: The Artifact Exhibition\u201d. Art Soho Center, ul. Mi\u0144ska 63, Warszawa.<br><a href=\"http:\/\/www.titanic.pl\">www.titanic.pl<\/a><\/p>\n\n\n\n<p>cdn&#8230;<\/p>\n","protected":false},"excerpt":{"rendered":"<p>1 wrze\u015bnia minionego, 2024 roku, otworzy\u0142a si\u0119 dla publiczno\u015bci wyj\u0105tkowa wystawa w Warszawie: \u201eTitanic \u2013 the Artifact Exhibition\u201d. Jest to wystawa podr\u00f3\u017cuj\u0105ca, kt\u00f3r\u0105 do tej pory widzia\u0142o oko\u0142o 35 milion\u00f3w zwiedzaj\u0105cych. Na edycj\u0119 w Warszawie starannie wyselekcjonowano oko\u0142o 160 eksponat\u00f3w, kt\u00f3re pochodz\u0105 z jednej z najbardziej znamienitych kolekcji \u015bwiata\u2026 Do tych informacji mo\u017cna dopisa\u0107 z [&hellip;]<\/p>\n","protected":false},"author":1,"featured_media":1720,"comment_status":"closed","ping_status":"open","sticky":false,"template":"","format":"standard","meta":[],"categories":[15,4,12,10,18,11,13,8,19,17],"tags":[],"_links":{"self":[{"href":"https:\/\/www.1912.pl\/index.php?rest_route=\/wp\/v2\/posts\/1687"}],"collection":[{"href":"https:\/\/www.1912.pl\/index.php?rest_route=\/wp\/v2\/posts"}],"about":[{"href":"https:\/\/www.1912.pl\/index.php?rest_route=\/wp\/v2\/types\/post"}],"author":[{"embeddable":true,"href":"https:\/\/www.1912.pl\/index.php?rest_route=\/wp\/v2\/users\/1"}],"replies":[{"embeddable":true,"href":"https:\/\/www.1912.pl\/index.php?rest_route=%2Fwp%2Fv2%2Fcomments&post=1687"}],"version-history":[{"count":9,"href":"https:\/\/www.1912.pl\/index.php?rest_route=\/wp\/v2\/posts\/1687\/revisions"}],"predecessor-version":[{"id":1719,"href":"https:\/\/www.1912.pl\/index.php?rest_route=\/wp\/v2\/posts\/1687\/revisions\/1719"}],"wp:featuredmedia":[{"embeddable":true,"href":"https:\/\/www.1912.pl\/index.php?rest_route=\/wp\/v2\/media\/1720"}],"wp:attachment":[{"href":"https:\/\/www.1912.pl\/index.php?rest_route=%2Fwp%2Fv2%2Fmedia&parent=1687"}],"wp:term":[{"taxonomy":"category","embeddable":true,"href":"https:\/\/www.1912.pl\/index.php?rest_route=%2Fwp%2Fv2%2Fcategories&post=1687"},{"taxonomy":"post_tag","embeddable":true,"href":"https:\/\/www.1912.pl\/index.php?rest_route=%2Fwp%2Fv2%2Ftags&post=1687"}],"curies":[{"name":"wp","href":"https:\/\/api.w.org\/{rel}","templated":true}]}}